{"id":1219,"date":"2023-01-10T13:12:11","date_gmt":"2023-01-10T12:12:11","guid":{"rendered":"https:\/\/www.gswarta.pl\/?p=1219"},"modified":"2023-01-10T13:12:13","modified_gmt":"2023-01-10T12:12:13","slug":"sprzedaz-nieruchomosci","status":"publish","type":"post","link":"https:\/\/www.gswarta.pl\/?p=1219","title":{"rendered":"WARTA &#8211; do wynaj\u0119cia pawilon handlowy"},"content":{"rendered":"\n<h2 class=\"wp-block-heading\">Pawilon handlowy do wynaj\u0119cia<\/h2>\n\n\n\n<div class=\"spacer\" style=\"width:100%\"><\/div>\n\n\n\n<p><strong>Do wynaj\u0119cia parter pawilonu handlowego po\u0142o\u017conego w Warcie<\/strong><\/p>\n\n\n\n<p>Gminna Sp\u00f3\u0142dzielnia \u201eSamopomoc Ch\u0142opska \u201e 98-290 Warta, ul. Kaliska 7 wynajmie parter pawilonu handlowego w&nbsp;<strong>miejscowo\u015bci Warta<\/strong>&nbsp;przy<strong>&nbsp;ul. Kaliskiej 7 .<\/strong><\/p>\n\n\n\n<p>Przedmiot najmu znajduje si\u0119 na dzia\u0142ce o powierzchni&nbsp;<strong>6417 m2<\/strong>&nbsp;i numerze KW SR1S\/00004410\/9 , powierzchnia u\u017cytkowa ok. 550&nbsp;<strong>&nbsp;m2<\/strong>&nbsp;, do kt\u00f3rej s\u0105 do\u0142\u0105czone pomieszczenia socjalno-biurowe o pow. 76,44 m2 .<strong>&nbsp;Posiada przy\u0142\u0105cze wodno- kanalizacyjne oraz elektryczne, ogrzewanie gazowe nagrzewnicami , monitoring wewn\u0119trzny. Posesja ogrodzona posiada wjazd od ul. R\u00f3\u017cy , dost\u0119p z parkingiem i podjazdem od ulicy kaliskiej , wej\u015bcie od ulicy kaliskiej oraz od ulicy R\u00f3\u017cy ,&nbsp;<\/strong>ostatnio prowadzon\u0105 dzia\u0142alno\u015bci\u0105 by\u0142o szwalnictwo , wcze\u015bniej dzia\u0142alno\u015b\u0107 handlowa .<\/p>\n\n\n\n<p>Stawka czynszu to<strong>&nbsp;4500,00 z\u0142 netto<\/strong>&nbsp;miesi\u0119cznie (wliczone koszty sta\u0142e)<strong>&nbsp;z mo\u017cliwo\u015bci\u0105 negocjacji&nbsp;<\/strong>plus op\u0142aty za media.<\/p>\n\n\n\n<p>Dodatkowe informacje pod numerem telefonu&nbsp;<strong>503 073 709<\/strong>&nbsp;lub mailowo&nbsp;<strong><a target=\"_blank\" rel=\"noreferrer noopener\" href=\"mailto:gswarta77@gmail.com\">gswarta77@gmail.com<\/a><\/strong><\/p>\n\n\n\n<div class=\"wp-block-columns is-layout-flex wp-container-core-columns-is-layout-9d6595d7 wp-block-columns-is-layout-flex\">\n<div class=\"wp-block-column is-layout-flow wp-block-column-is-layout-flow\">\n<figure class=\"wp-block-image size-large is-resized\"><img loading=\"lazy\" decoding=\"async\" src=\"https:\/\/www.gswarta.pl\/wp-content\/uploads\/2022\/10\/pawilon-2-160x200.jpg\" alt=\"\" class=\"wp-image-1334\" width=\"428\" height=\"535\" srcset=\"https:\/\/www.gswarta.pl\/wp-content\/uploads\/2022\/10\/pawilon-2-160x200.jpg 160w, https:\/\/www.gswarta.pl\/wp-content\/uploads\/2022\/10\/pawilon-2-239x300.jpg 239w, https:\/\/www.gswarta.pl\/wp-content\/uploads\/2022\/10\/pawilon-2-495x620.jpg 495w, https:\/\/www.gswarta.pl\/wp-content\/uploads\/2022\/10\/pawilon-2-519x650.jpg 519w, https:\/\/www.gswarta.pl\/wp-content\/uploads\/2022\/10\/pawilon-2-359x450.jpg 359w, https:\/\/www.gswarta.pl\/wp-content\/uploads\/2022\/10\/pawilon-2.jpg 596w\" sizes=\"auto, (max-width: 428px) 100vw, 428px\" \/><\/figure>\n<\/div>\n<\/div>\n\n\n\n<figure class=\"wp-block-gallery has-nested-images columns-default is-cropped wp-block-gallery-1 is-layout-flex wp-block-gallery-is-layout-flex\"><\/figure>\n","protected":false},"excerpt":{"rendered":"<p>Pawilon handlowy do wynaj\u0119cia Do wynaj\u0119cia parter pawilonu handlowego po\u0142o\u017conego w Warcie Gminna Sp\u00f3\u0142dzielnia \u201eSamopomoc Ch\u0142opska \u201e 98-290 Warta, ul. Kaliska 7 wynajmie parter pawilonu handlowego w&nbsp;miejscowo\u015bci Warta&nbsp;przy&nbsp;ul. Kaliskiej 7&hellip;<a href=\"https:\/\/www.gswarta.pl\/?p=1219\" class=\"more-link\"><span class=\"more-button\">Czytaj dalej<span class=\"screen-reader-text\">WARTA &#8211; do wynaj\u0119cia pawilon handlowy<\/span><\/span><\/a><\/p>\n","protected":false},"author":6,"featured_media":0,"comment_status":"closed","ping_status":"closed","sticky":false,"template":"","format":"standard","meta":{"_monsterinsights_skip_tracking":false,"_monsterinsights_sitenote_active":false,"_monsterinsights_sitenote_note":"","_monsterinsights_sitenote_category":0,"footnotes":""},"categories":[1],"tags":[],"class_list":["post-1219","post","type-post","status-publish","format-standard","hentry","category-bez-kategorii"],"_links":{"self":[{"href":"https:\/\/www.gswarta.pl\/index.php?rest_route=\/wp\/v2\/posts\/1219","targetHints":{"allow":["GET"]}}],"collection":[{"href":"https:\/\/www.gswarta.pl\/index.php?rest_route=\/wp\/v2\/posts"}],"about":[{"href":"https:\/\/www.gswarta.pl\/index.php?rest_route=\/wp\/v2\/types\/post"}],"author":[{"embeddable":true,"href":"https:\/\/www.gswarta.pl\/index.php?rest_route=\/wp\/v2\/users\/6"}],"replies":[{"embeddable":true,"href":"https:\/\/www.gswarta.pl\/index.php?rest_route=%2Fwp%2Fv2%2Fcomments&post=1219"}],"version-history":[{"count":5,"href":"https:\/\/www.gswarta.pl\/index.php?rest_route=\/wp\/v2\/posts\/1219\/revisions"}],"predecessor-version":[{"id":1379,"href":"https:\/\/www.gswarta.pl\/index.php?rest_route=\/wp\/v2\/posts\/1219\/revisions\/1379"}],"wp:attachment":[{"href":"https:\/\/www.gswarta.pl\/index.php?rest_route=%2Fwp%2Fv2%2Fmedia&parent=1219"}],"wp:term":[{"taxonomy":"category","embeddable":true,"href":"https:\/\/www.gswarta.pl\/index.php?rest_route=%2Fwp%2Fv2%2Fcategories&post=1219"},{"taxonomy":"post_tag","embeddable":true,"href":"https:\/\/www.gswarta.pl\/index.php?rest_route=%2Fwp%2Fv2%2Ftags&post=1219"}],"curies":[{"name":"wp","href":"https:\/\/api.w.org\/{rel}","templated":true}]}}